{"id":1009,"date":"2016-08-22T14:52:28","date_gmt":"2016-08-22T13:52:28","guid":{"rendered":"https:\/\/www.autoteile-markt.de\/blog\/?p=1009"},"modified":"2019-09-19T11:10:37","modified_gmt":"2019-09-19T09:10:37","slug":"uber-und-volvo-kooperieren-bei-autonomem-fahren","status":"publish","type":"post","link":"https:\/\/www.autoteile-markt.de\/blog\/uber-und-volvo-kooperieren-bei-autonomem-fahren\/","title":{"rendered":"UBER und Volvo kooperieren bei autonomem Fahren"},"content":{"rendered":"<div id=\"attachment_1011\" style=\"width: 290px\" class=\"wp-caption alignright\"><a href=\"https:\/\/www.autoteile-markt.de\/blog\/wp-content\/uploads\/2016\/08\/uber-und-volvo-kooperieren-bei-autonomem-fahren.jpg\" rel=\"attachment wp-att-1011\"><img  title=\"UBER und Volvo kooperieren bei autonomem Fahren\" loading=\"lazy\" decoding=\"async\" aria-describedby=\"caption-attachment-1011\" class=\"size-thumbnail wp-image-1011\" src=\"https:\/\/www.autoteile-markt.de\/blog\/wp-content\/uploads\/2016\/08\/uber-und-volvo-kooperieren-bei-autonomem-fahren-280x158.jpg\"  alt=\"uber-und-volvo-kooperieren-bei-autonomem-fahren-280x158 UBER und Volvo kooperieren bei autonomem Fahren\"  width=\"280\" height=\"158\" \/><\/a><\/p>\n<p id=\"caption-attachment-1011\" class=\"wp-caption-text\">Volvo und Uber invstieren 265 Millionen Euro in autonomes Fahren (Foto: AndreyPopov \/ depositphotos.com)<\/p>\n<\/div>\n<p>Der Autobauer <a href=\"\/shop\/volvo-ersatzteile-fh91\"><strong>Volvo<\/strong><\/a> m\u00f6chte mit dem Mitfahrdienst <strong>UBER\u00a0<\/strong>ein selbstst\u00e4ndig fahrendes Auto entwickeln. Dazu investieren beide Unternehmen insgesamt 265 Millionen Euro. Gew\u00e4hlt wurde das <strong>XC 90<\/strong>-Modell, es soll zum selbstfahrenden Auto umgebaut werden, da es schon teilautonomes Fahren unterst\u00fctzt. Schon bei der Planung der 90er-Baureihe wurden alternative Fortbewegungsm\u00f6glichkeiten ber\u00fccksichtigt. Bereits in diesem Monat werden erste Fahrzeuge in Pittsburgh unterwegs sein, die Nutzung wird zun\u00e4chst kostenlos sein. Jedoch werden die Fahrten noch von einer Person beaufsichtigt, welche notfalls eingreifen kann. UBER\u00a0m\u00f6chte langfristig seine Kunden durch autonom fahrende Autos bef\u00f6rdern. Volvo liefert die passende Hardware. Beide Unternehmen scheinen eine l\u00e4ngere Partnerschaft anzustreben. UBER\u00a0CEO <strong>Travis Kalanick<\/strong> dazu: &#8220;<em>Volvo ist Vorreiter bei der Fahrzeugentwicklung und der Beste seiner Branche, wenn es um Sicherheit geht. Wenn wir die F\u00e4higkeiten von UBER\u00a0und Volvo kombinieren, erreichen wir die Zukunft schneller.<\/em>&#8221; Mehrere Hundert Experten sollen mittlerweile f\u00fcr UBER\u00a0an der Forschung selbstfahrender Autos arbeiten.<\/p>\n","protected":false},"excerpt":{"rendered":"Der Autobauer Volvo m\u00f6chte mit dem Mitfahrdienst UBER\u00a0ein selbstst\u00e4ndig fahrendes Auto entwickeln. Dazu investieren beide Unternehmen insgesamt 265 Millionen Euro. Gew\u00e4hlt wurde das XC 90-Modell, es soll zum selbstfahrenden Auto\n... <br \/><a class=\"read-more\" href=\"https:\/\/www.autoteile-markt.de\/blog\/uber-und-volvo-kooperieren-bei-autonomem-fahren\/\">Weiterlesen<\/a>","protected":false},"author":1,"featured_media":1011,"comment_status":"open","ping_status":"closed","sticky":false,"template":"","format":"standard","meta":{"footnotes":""},"categories":[9],"tags":[],"class_list":["post-1009","post","type-post","status-publish","format-standard","has-post-thumbnail","hentry","category-autonews"],"yoast_head":"<!-- This site is optimized with the Yoast SEO plugin v27.3 - https:\/\/yoast.com\/product\/yoast-seo-wordpress\/ -->\n<title>UBER und Volvo kooperieren bei autonomem Fahren<\/title>\n<meta name=\"description\" content=\"Der Autobauer Volvo m\u00f6chte mit dem Mitfahrdienst UBER\u00a0ein selbstst\u00e4ndig fahrendes Auto entwickeln. Dazu investieren beide Unternehmen insgesamt 265\" \/>\n<meta name=\"robots\" content=\"index, follow, max-snippet:-1, max-image-preview:large, max-video-preview:-1\" \/>\n<link rel=\"canonical\" href=\"https:\/\/www.autoteile-markt.de\/blog\/uber-und-volvo-kooperieren-bei-autonomem-fahren\/\" \/>\n<meta property=\"og:locale\" content=\"de_DE\" \/>\n<meta property=\"og:type\" content=\"article\" \/>\n<meta property=\"og:title\" content=\"UBER und Volvo kooperieren bei autonomem Fahren\" \/>\n<meta property=\"og:description\" content=\"Der Autobauer Volvo m\u00f6chte mit dem Mitfahrdienst UBER\u00a0ein selbstst\u00e4ndig fahrendes Auto entwickeln. Dazu investieren beide Unternehmen insgesamt 265\" \/>\n<meta property=\"og:url\" content=\"https:\/\/www.autoteile-markt.de\/blog\/uber-und-volvo-kooperieren-bei-autonomem-fahren\/\" \/>\n<meta property=\"og:site_name\" content=\"Autoteile-Markt.de Blog\" \/>\n<meta property=\"article:publisher\" content=\"https:\/\/www.facebook.com\/AutoteileMarktde\/\" \/>\n<meta property=\"article:published_time\" content=\"2016-08-22T13:52:28+00:00\" \/>\n<meta property=\"article:modified_time\" content=\"2019-09-19T09:10:37+00:00\" \/>\n<meta property=\"og:image\" content=\"https:\/\/www.autoteile-markt.de\/blog\/wp-content\/uploads\/2016\/08\/uber-und-volvo-kooperieren-bei-autonomem-fahren.jpg\" \/>\n\t<meta property=\"og:image:width\" content=\"500\" \/>\n\t<meta property=\"og:image:height\" content=\"353\" \/>\n\t<meta property=\"og:image:type\" content=\"image\/jpeg\" \/>\n<meta name=\"author\" content=\"admin\" \/>\n<meta name=\"twitter:card\" content=\"summary_large_image\" \/>\n<meta name=\"twitter:creator\" content=\"@autoteilemarkt\" \/>\n<meta name=\"twitter:site\" content=\"@autoteilemarkt\" \/>\n<meta name=\"twitter:label1\" content=\"Written by\" \/>\n\t<meta name=\"twitter:data1\" content=\"admin\" \/>\n\t<meta name=\"twitter:label2\" content=\"Est. reading time\" \/>\n\t<meta name=\"twitter:data2\" content=\"1\u00a0Minute\" \/>\n<!-- \/ Yoast SEO plugin. -->","yoast_head_json":{"title":"UBER und Volvo kooperieren bei autonomem Fahren","description":"Der Autobauer Volvo m\u00f6chte mit dem Mitfahrdienst UBER\u00a0ein selbstst\u00e4ndig fahrendes Auto entwickeln. Dazu investieren beide Unternehmen insgesamt 265","robots":{"index":"index","follow":"follow","max-snippet":"max-snippet:-1","max-image-preview":"max-image-preview:large","max-video-preview":"max-video-preview:-1"},"canonical":"https:\/\/www.autoteile-markt.de\/blog\/uber-und-volvo-kooperieren-bei-autonomem-fahren\/","og_locale":"de_DE","og_type":"article","og_title":"UBER und Volvo kooperieren bei autonomem Fahren","og_description":"Der Autobauer Volvo m\u00f6chte mit dem Mitfahrdienst UBER\u00a0ein selbstst\u00e4ndig fahrendes Auto entwickeln. Dazu investieren beide Unternehmen insgesamt 265","og_url":"https:\/\/www.autoteile-markt.de\/blog\/uber-und-volvo-kooperieren-bei-autonomem-fahren\/","og_site_name":"Autoteile-Markt.de Blog","article_publisher":"https:\/\/www.facebook.com\/AutoteileMarktde\/","article_published_time":"2016-08-22T13:52:28+00:00","article_modified_time":"2019-09-19T09:10:37+00:00","og_image":[{"width":500,"height":353,"url":"https:\/\/www.autoteile-markt.de\/blog\/wp-content\/uploads\/2016\/08\/uber-und-volvo-kooperieren-bei-autonomem-fahren.jpg","type":"image\/jpeg"}],"author":"admin","twitter_card":"summary_large_image","twitter_creator":"@autoteilemarkt","twitter_site":"@autoteilemarkt","twitter_misc":{"Written by":"admin","Est. reading time":"1\u00a0Minute"},"schema":{"@context":"https:\/\/schema.org","@graph":[{"@type":["Article","BlogPosting"],"@id":"https:\/\/www.autoteile-markt.de\/blog\/uber-und-volvo-kooperieren-bei-autonomem-fahren\/#article","isPartOf":{"@id":"https:\/\/www.autoteile-markt.de\/blog\/uber-und-volvo-kooperieren-bei-autonomem-fahren\/"},"author":{"name":"admin","@id":"https:\/\/www.autoteile-markt.de\/blog\/#\/schema\/person\/6eeed1331d2d78833c7c92ba5f1b35b5"},"headline":"UBER und Volvo kooperieren bei autonomem Fahren","datePublished":"2016-08-22T13:52:28+00:00","dateModified":"2019-09-19T09:10:37+00:00","mainEntityOfPage":{"@id":"https:\/\/www.autoteile-markt.de\/blog\/uber-und-volvo-kooperieren-bei-autonomem-fahren\/"},"wordCount":187,"commentCount":0,"image":{"@id":"https:\/\/www.autoteile-markt.de\/blog\/uber-und-volvo-kooperieren-bei-autonomem-fahren\/#primaryimage"},"thumbnailUrl":"https:\/\/www.autoteile-markt.de\/blog\/wp-content\/uploads\/2016\/08\/uber-und-volvo-kooperieren-bei-autonomem-fahren.jpg","articleSection":["Autonews"],"inLanguage":"de"},{"@type":"WebPage","@id":"https:\/\/www.autoteile-markt.de\/blog\/uber-und-volvo-kooperieren-bei-autonomem-fahren\/","url":"https:\/\/www.autoteile-markt.de\/blog\/uber-und-volvo-kooperieren-bei-autonomem-fahren\/","name":"UBER und Volvo kooperieren bei autonomem Fahren","isPartOf":{"@id":"https:\/\/www.autoteile-markt.de\/blog\/#website"},"primaryImageOfPage":{"@id":"https:\/\/www.autoteile-markt.de\/blog\/uber-und-volvo-kooperieren-bei-autonomem-fahren\/#primaryimage"},"image":{"@id":"https:\/\/www.autoteile-markt.de\/blog\/uber-und-volvo-kooperieren-bei-autonomem-fahren\/#primaryimage"},"thumbnailUrl":"https:\/\/www.autoteile-markt.de\/blog\/wp-content\/uploads\/2016\/08\/uber-und-volvo-kooperieren-bei-autonomem-fahren.jpg","datePublished":"2016-08-22T13:52:28+00:00","dateModified":"2019-09-19T09:10:37+00:00","author":{"@id":"https:\/\/www.autoteile-markt.de\/blog\/#\/schema\/person\/6eeed1331d2d78833c7c92ba5f1b35b5"},"description":"Der Autobauer Volvo m\u00f6chte mit dem Mitfahrdienst UBER\u00a0ein selbstst\u00e4ndig fahrendes Auto entwickeln. Dazu investieren beide Unternehmen insgesamt 265","breadcrumb":{"@id":"https:\/\/www.autoteile-markt.de\/blog\/uber-und-volvo-kooperieren-bei-autonomem-fahren\/#breadcrumb"},"inLanguage":"de","potentialAction":[{"@type":"ReadAction","target":["https:\/\/www.autoteile-markt.de\/blog\/uber-und-volvo-kooperieren-bei-autonomem-fahren\/"]}]},{"@type":"ImageObject","inLanguage":"de","@id":"https:\/\/www.autoteile-markt.de\/blog\/uber-und-volvo-kooperieren-bei-autonomem-fahren\/#primaryimage","url":"https:\/\/www.autoteile-markt.de\/blog\/wp-content\/uploads\/2016\/08\/uber-und-volvo-kooperieren-bei-autonomem-fahren.jpg","contentUrl":"https:\/\/www.autoteile-markt.de\/blog\/wp-content\/uploads\/2016\/08\/uber-und-volvo-kooperieren-bei-autonomem-fahren.jpg","width":500,"height":353,"caption":"Volvo und Uber invstieren 265 Millionen Euro in autonomes Fahren (Foto: AndreyPopov \/ depositphotos.com)"},{"@type":"BreadcrumbList","@id":"https:\/\/www.autoteile-markt.de\/blog\/uber-und-volvo-kooperieren-bei-autonomem-fahren\/#breadcrumb","itemListElement":[{"@type":"ListItem","position":1,"name":"Startseite","item":"https:\/\/www.autoteile-markt.de\/blog\/"},{"@type":"ListItem","position":2,"name":"UBER und Volvo kooperieren bei autonomem Fahren"}]},{"@type":"WebSite","@id":"https:\/\/www.autoteile-markt.de\/blog\/#website","url":"https:\/\/www.autoteile-markt.de\/blog\/","name":"Autoteile-Markt.de Blog","description":"","potentialAction":[{"@type":"SearchAction","target":{"@type":"EntryPoint","urlTemplate":"https:\/\/www.autoteile-markt.de\/blog\/?s={search_term_string}"},"query-input":{"@type":"PropertyValueSpecification","valueRequired":true,"valueName":"search_term_string"}}],"inLanguage":"de"},{"@type":"Person","@id":"https:\/\/www.autoteile-markt.de\/blog\/#\/schema\/person\/6eeed1331d2d78833c7c92ba5f1b35b5","name":"admin"}]}},"_links":{"self":[{"href":"https:\/\/www.autoteile-markt.de\/blog\/wp-json\/wp\/v2\/posts\/1009","targetHints":{"allow":["GET"]}}],"collection":[{"href":"https:\/\/www.autoteile-markt.de\/blog\/wp-json\/wp\/v2\/posts"}],"about":[{"href":"https:\/\/www.autoteile-markt.de\/blog\/wp-json\/wp\/v2\/types\/post"}],"author":[{"embeddable":true,"href":"https:\/\/www.autoteile-markt.de\/blog\/wp-json\/wp\/v2\/users\/1"}],"replies":[{"embeddable":true,"href":"https:\/\/www.autoteile-markt.de\/blog\/wp-json\/wp\/v2\/comments?post=1009"}],"version-history":[{"count":5,"href":"https:\/\/www.autoteile-markt.de\/blog\/wp-json\/wp\/v2\/posts\/1009\/revisions"}],"predecessor-version":[{"id":2939,"href":"https:\/\/www.autoteile-markt.de\/blog\/wp-json\/wp\/v2\/posts\/1009\/revisions\/2939"}],"wp:featuredmedia":[{"embeddable":true,"href":"https:\/\/www.autoteile-markt.de\/blog\/wp-json\/wp\/v2\/media\/1011"}],"wp:attachment":[{"href":"https:\/\/www.autoteile-markt.de\/blog\/wp-json\/wp\/v2\/media?parent=1009"}],"wp:term":[{"taxonomy":"category","embeddable":true,"href":"https:\/\/www.autoteile-markt.de\/blog\/wp-json\/wp\/v2\/categories?post=1009"},{"taxonomy":"post_tag","embeddable":true,"href":"https:\/\/www.autoteile-markt.de\/blog\/wp-json\/wp\/v2\/tags?post=1009"}],"curies":[{"name":"wp","href":"https:\/\/api.w.org\/{rel}","templated":true}]}}