{"id":3118,"date":"2018-05-30T12:08:15","date_gmt":"2018-05-30T10:08:15","guid":{"rendered":"https:\/\/www.autoteile-markt.de\/blog\/?p=3118"},"modified":"2018-05-30T12:08:15","modified_gmt":"2018-05-30T10:08:15","slug":"bmw-x5-haertetests-fuer-die-neue-generation-vor-weltpraesentation","status":"publish","type":"post","link":"https:\/\/www.autoteile-markt.de\/blog\/bmw-x5-haertetests-fuer-die-neue-generation-vor-weltpraesentation\/","title":{"rendered":"BMW X5: H\u00e4rtetests f\u00fcr die neue Generation vor Weltpr\u00e4sentation"},"content":{"rendered":"<div id=\"attachment_3121\" style=\"width: 310px\" class=\"wp-caption alignright\"><img  title=\"BMW X5: H\u00e4rtetests f\u00fcr die neue Generation vor Weltpr\u00e4sentation\" loading=\"lazy\" decoding=\"async\" aria-describedby=\"caption-attachment-3121\" class=\"wp-image-3121 size-medium\" src=\"https:\/\/www.autoteile-markt.de\/blog\/wp-content\/uploads\/2018\/05\/Depositphotos_153552120_s-2015-300x200.jpg\"  alt=\"Depositphotos_153552120_s-2015-300x200 BMW X5: H\u00e4rtetests f\u00fcr die neue Generation vor Weltpr\u00e4sentation\"  width=\"300\" height=\"200\" srcset=\"https:\/\/www.autoteile-markt.de\/blog\/wp-content\/uploads\/2018\/05\/Depositphotos_153552120_s-2015-300x200.jpg 300w, https:\/\/www.autoteile-markt.de\/blog\/wp-content\/uploads\/2018\/05\/Depositphotos_153552120_s-2015.jpg 499w\" sizes=\"auto, (max-width: 300px) 100vw, 300px\" \/><\/p>\n<p id=\"caption-attachment-3121\" class=\"wp-caption-text\">BMW X5<br \/>Foto: \u00a9GoranJakus\/depositphotos.com<\/p>\n<\/div>\n<p>Der neue SUV der Bayerischen Motoren Werke ist noch nicht auf dem Markt erh\u00e4ltlich, doch wird \u00fcber den kommenden BMW X5 bereits gesprochen. Schlie\u00dflich l\u00f6st das Fahrzeug den Vorg\u00e4nger der dritten Generation nach lediglich f\u00fcnf Jahren ab. Da zudem der deutsche Automobilhersteller einige Bilder des getarnten Erlk\u00f6nigs publizierte, ist das erh\u00f6hte Interesse der Medien kaum verwunderlich. Gefertigt im US-amerikanischen Bundestaat South Carolina liegenden Produktionswerk Spartanburg, wird das aktuelle Fahrzeug im Oktober 2018 auf dem Pariser Autosalon erstmals der Welt\u00f6ffentlichkeit pr\u00e4sentiert. Bis es soweit ist, wird der Prototyp unter den h\u00e4rtesten Bedingungen auf Herz und Nieren getestet.<\/p>\n<h2>Der BMW X5 unterwegs in diversen Klimazonen<\/h2>\n<p>Ob auf dem N\u00fcrburgring, im Gel\u00e4nde, im Polarkreis oder in S\u00fcdafrika, auch diese neue Autogeneration muss in unterschiedlichen Klimazonen und unter harten Bedingungen zeigen, was sie leistet. Wie reagiert sie bei brutaler K\u00e4lte, bei gro\u00dfer Hitze, bei trockener Luft und in einem Klima mit hoher Luftfeuchtigkeit? Laut Autohersteller sollen die Allrounder-F\u00e4higkeiten des neuen BMW X5 durch innovative Fahrwerkssysteme wesentlich pr\u00e4gnanter als die seiner Vorg\u00e4nger sein. F\u00fcr Fels, Sand, Schotter und Schnee soll das Offroad-Paket unterschiedliche Antriebseinstellung und Fahrwerkseinstellungen offerieren. Das wird sicherlich nicht die einzige Innovation sein. \u00dcber den Preis des Fahrzeugs der neuen Generation ist noch nichts bekannt. Spekuliert wird, dass der neue BMW X5 etwas teurer als der Vorg\u00e4nger sein wird.<\/p>\n","protected":false},"excerpt":{"rendered":"Der neue SUV der Bayerischen Motoren Werke ist noch nicht auf dem Markt erh\u00e4ltlich, doch wird \u00fcber den kommenden BMW X5 bereits gesprochen. Schlie\u00dflich l\u00f6st das Fahrzeug den Vorg\u00e4nger der\n... <br \/><a class=\"read-more\" href=\"https:\/\/www.autoteile-markt.de\/blog\/bmw-x5-haertetests-fuer-die-neue-generation-vor-weltpraesentation\/\">Weiterlesen<\/a>","protected":false},"author":2,"featured_media":3121,"comment_status":"open","ping_status":"closed","sticky":false,"template":"","format":"standard","meta":{"footnotes":""},"categories":[9,22],"tags":[],"class_list":["post-3118","post","type-post","status-publish","format-standard","has-post-thumbnail","hentry","category-autonews","category-erlkoenig"],"yoast_head":"<!-- This site is optimized with the Yoast SEO plugin v27.3 - https:\/\/yoast.com\/product\/yoast-seo-wordpress\/ -->\n<title>BMW X5: H\u00e4rtetests f\u00fcr die neue Generation vor Weltpr\u00e4sentation<\/title>\n<meta name=\"description\" content=\"Der neue SUV der Bayerischen Motoren Werke ist noch nicht auf dem Markt erh\u00e4ltlich, doch wird \u00fcber den kommenden BMW X5 bereits gesprochen. Schlie\u00dflich\" \/>\n<meta name=\"robots\" content=\"index, follow, max-snippet:-1, max-image-preview:large, max-video-preview:-1\" \/>\n<link rel=\"canonical\" href=\"https:\/\/www.autoteile-markt.de\/blog\/bmw-x5-haertetests-fuer-die-neue-generation-vor-weltpraesentation\/\" \/>\n<meta property=\"og:locale\" content=\"de_DE\" \/>\n<meta property=\"og:type\" content=\"article\" \/>\n<meta property=\"og:title\" content=\"BMW X5: H\u00e4rtetests f\u00fcr die neue Generation vor Weltpr\u00e4sentation\" \/>\n<meta property=\"og:description\" content=\"Der neue SUV der Bayerischen Motoren Werke ist noch nicht auf dem Markt erh\u00e4ltlich, doch wird \u00fcber den kommenden BMW X5 bereits gesprochen. Schlie\u00dflich\" \/>\n<meta property=\"og:url\" content=\"https:\/\/www.autoteile-markt.de\/blog\/bmw-x5-haertetests-fuer-die-neue-generation-vor-weltpraesentation\/\" \/>\n<meta property=\"og:site_name\" content=\"Autoteile-Markt.de Blog\" \/>\n<meta property=\"article:publisher\" content=\"https:\/\/www.facebook.com\/AutoteileMarktde\/\" \/>\n<meta property=\"article:published_time\" content=\"2018-05-30T10:08:15+00:00\" \/>\n<meta property=\"og:image\" content=\"https:\/\/www.autoteile-markt.de\/blog\/wp-content\/uploads\/2018\/05\/Depositphotos_153552120_s-2015.jpg\" \/>\n\t<meta property=\"og:image:width\" content=\"499\" \/>\n\t<meta property=\"og:image:height\" content=\"333\" \/>\n\t<meta property=\"og:image:type\" content=\"image\/jpeg\" \/>\n<meta name=\"author\" content=\"Mike Schulze\" \/>\n<meta name=\"twitter:card\" content=\"summary_large_image\" \/>\n<meta name=\"twitter:creator\" content=\"@autoteilemarkt\" \/>\n<meta name=\"twitter:site\" content=\"@autoteilemarkt\" \/>\n<meta name=\"twitter:label1\" content=\"Written by\" \/>\n\t<meta name=\"twitter:data1\" content=\"Mike Schulze\" \/>\n\t<meta name=\"twitter:label2\" content=\"Est. reading time\" \/>\n\t<meta name=\"twitter:data2\" content=\"1\u00a0Minute\" \/>\n<!-- \/ Yoast SEO plugin. -->","yoast_head_json":{"title":"BMW X5: H\u00e4rtetests f\u00fcr die neue Generation vor Weltpr\u00e4sentation","description":"Der neue SUV der Bayerischen Motoren Werke ist noch nicht auf dem Markt erh\u00e4ltlich, doch wird \u00fcber den kommenden BMW X5 bereits gesprochen. Schlie\u00dflich","robots":{"index":"index","follow":"follow","max-snippet":"max-snippet:-1","max-image-preview":"max-image-preview:large","max-video-preview":"max-video-preview:-1"},"canonical":"https:\/\/www.autoteile-markt.de\/blog\/bmw-x5-haertetests-fuer-die-neue-generation-vor-weltpraesentation\/","og_locale":"de_DE","og_type":"article","og_title":"BMW X5: H\u00e4rtetests f\u00fcr die neue Generation vor Weltpr\u00e4sentation","og_description":"Der neue SUV der Bayerischen Motoren Werke ist noch nicht auf dem Markt erh\u00e4ltlich, doch wird \u00fcber den kommenden BMW X5 bereits gesprochen. Schlie\u00dflich","og_url":"https:\/\/www.autoteile-markt.de\/blog\/bmw-x5-haertetests-fuer-die-neue-generation-vor-weltpraesentation\/","og_site_name":"Autoteile-Markt.de Blog","article_publisher":"https:\/\/www.facebook.com\/AutoteileMarktde\/","article_published_time":"2018-05-30T10:08:15+00:00","og_image":[{"width":499,"height":333,"url":"https:\/\/www.autoteile-markt.de\/blog\/wp-content\/uploads\/2018\/05\/Depositphotos_153552120_s-2015.jpg","type":"image\/jpeg"}],"author":"Mike Schulze","twitter_card":"summary_large_image","twitter_creator":"@autoteilemarkt","twitter_site":"@autoteilemarkt","twitter_misc":{"Written by":"Mike Schulze","Est. reading time":"1\u00a0Minute"},"schema":{"@context":"https:\/\/schema.org","@graph":[{"@type":["Article","BlogPosting"],"@id":"https:\/\/www.autoteile-markt.de\/blog\/bmw-x5-haertetests-fuer-die-neue-generation-vor-weltpraesentation\/#article","isPartOf":{"@id":"https:\/\/www.autoteile-markt.de\/blog\/bmw-x5-haertetests-fuer-die-neue-generation-vor-weltpraesentation\/"},"author":{"name":"Mike Schulze","@id":"https:\/\/www.autoteile-markt.de\/blog\/#\/schema\/person\/3627071c31972dde3ecf82fe89f3c0ba"},"headline":"BMW X5: H\u00e4rtetests f\u00fcr die neue Generation vor Weltpr\u00e4sentation","datePublished":"2018-05-30T10:08:15+00:00","mainEntityOfPage":{"@id":"https:\/\/www.autoteile-markt.de\/blog\/bmw-x5-haertetests-fuer-die-neue-generation-vor-weltpraesentation\/"},"wordCount":260,"commentCount":0,"image":{"@id":"https:\/\/www.autoteile-markt.de\/blog\/bmw-x5-haertetests-fuer-die-neue-generation-vor-weltpraesentation\/#primaryimage"},"thumbnailUrl":"https:\/\/www.autoteile-markt.de\/blog\/wp-content\/uploads\/2018\/05\/Depositphotos_153552120_s-2015.jpg","articleSection":["Autonews","Erlk\u00f6nig"],"inLanguage":"de"},{"@type":"WebPage","@id":"https:\/\/www.autoteile-markt.de\/blog\/bmw-x5-haertetests-fuer-die-neue-generation-vor-weltpraesentation\/","url":"https:\/\/www.autoteile-markt.de\/blog\/bmw-x5-haertetests-fuer-die-neue-generation-vor-weltpraesentation\/","name":"BMW X5: H\u00e4rtetests f\u00fcr die neue Generation vor Weltpr\u00e4sentation","isPartOf":{"@id":"https:\/\/www.autoteile-markt.de\/blog\/#website"},"primaryImageOfPage":{"@id":"https:\/\/www.autoteile-markt.de\/blog\/bmw-x5-haertetests-fuer-die-neue-generation-vor-weltpraesentation\/#primaryimage"},"image":{"@id":"https:\/\/www.autoteile-markt.de\/blog\/bmw-x5-haertetests-fuer-die-neue-generation-vor-weltpraesentation\/#primaryimage"},"thumbnailUrl":"https:\/\/www.autoteile-markt.de\/blog\/wp-content\/uploads\/2018\/05\/Depositphotos_153552120_s-2015.jpg","datePublished":"2018-05-30T10:08:15+00:00","author":{"@id":"https:\/\/www.autoteile-markt.de\/blog\/#\/schema\/person\/3627071c31972dde3ecf82fe89f3c0ba"},"description":"Der neue SUV der Bayerischen Motoren Werke ist noch nicht auf dem Markt erh\u00e4ltlich, doch wird \u00fcber den kommenden BMW X5 bereits gesprochen. Schlie\u00dflich","breadcrumb":{"@id":"https:\/\/www.autoteile-markt.de\/blog\/bmw-x5-haertetests-fuer-die-neue-generation-vor-weltpraesentation\/#breadcrumb"},"inLanguage":"de","potentialAction":[{"@type":"ReadAction","target":["https:\/\/www.autoteile-markt.de\/blog\/bmw-x5-haertetests-fuer-die-neue-generation-vor-weltpraesentation\/"]}]},{"@type":"ImageObject","inLanguage":"de","@id":"https:\/\/www.autoteile-markt.de\/blog\/bmw-x5-haertetests-fuer-die-neue-generation-vor-weltpraesentation\/#primaryimage","url":"https:\/\/www.autoteile-markt.de\/blog\/wp-content\/uploads\/2018\/05\/Depositphotos_153552120_s-2015.jpg","contentUrl":"https:\/\/www.autoteile-markt.de\/blog\/wp-content\/uploads\/2018\/05\/Depositphotos_153552120_s-2015.jpg","width":499,"height":333},{"@type":"BreadcrumbList","@id":"https:\/\/www.autoteile-markt.de\/blog\/bmw-x5-haertetests-fuer-die-neue-generation-vor-weltpraesentation\/#breadcrumb","itemListElement":[{"@type":"ListItem","position":1,"name":"Startseite","item":"https:\/\/www.autoteile-markt.de\/blog\/"},{"@type":"ListItem","position":2,"name":"BMW X5: H\u00e4rtetests f\u00fcr die neue Generation vor Weltpr\u00e4sentation"}]},{"@type":"WebSite","@id":"https:\/\/www.autoteile-markt.de\/blog\/#website","url":"https:\/\/www.autoteile-markt.de\/blog\/","name":"Autoteile-Markt.de Blog","description":"","potentialAction":[{"@type":"SearchAction","target":{"@type":"EntryPoint","urlTemplate":"https:\/\/www.autoteile-markt.de\/blog\/?s={search_term_string}"},"query-input":{"@type":"PropertyValueSpecification","valueRequired":true,"valueName":"search_term_string"}}],"inLanguage":"de"},{"@type":"Person","@id":"https:\/\/www.autoteile-markt.de\/blog\/#\/schema\/person\/3627071c31972dde3ecf82fe89f3c0ba","name":"Mike Schulze"}]}},"_links":{"self":[{"href":"https:\/\/www.autoteile-markt.de\/blog\/wp-json\/wp\/v2\/posts\/3118","targetHints":{"allow":["GET"]}}],"collection":[{"href":"https:\/\/www.autoteile-markt.de\/blog\/wp-json\/wp\/v2\/posts"}],"about":[{"href":"https:\/\/www.autoteile-markt.de\/blog\/wp-json\/wp\/v2\/types\/post"}],"author":[{"embeddable":true,"href":"https:\/\/www.autoteile-markt.de\/blog\/wp-json\/wp\/v2\/users\/2"}],"replies":[{"embeddable":true,"href":"https:\/\/www.autoteile-markt.de\/blog\/wp-json\/wp\/v2\/comments?post=3118"}],"version-history":[{"count":2,"href":"https:\/\/www.autoteile-markt.de\/blog\/wp-json\/wp\/v2\/posts\/3118\/revisions"}],"predecessor-version":[{"id":3122,"href":"https:\/\/www.autoteile-markt.de\/blog\/wp-json\/wp\/v2\/posts\/3118\/revisions\/3122"}],"wp:featuredmedia":[{"embeddable":true,"href":"https:\/\/www.autoteile-markt.de\/blog\/wp-json\/wp\/v2\/media\/3121"}],"wp:attachment":[{"href":"https:\/\/www.autoteile-markt.de\/blog\/wp-json\/wp\/v2\/media?parent=3118"}],"wp:term":[{"taxonomy":"category","embeddable":true,"href":"https:\/\/www.autoteile-markt.de\/blog\/wp-json\/wp\/v2\/categories?post=3118"},{"taxonomy":"post_tag","embeddable":true,"href":"https:\/\/www.autoteile-markt.de\/blog\/wp-json\/wp\/v2\/tags?post=3118"}],"curies":[{"name":"wp","href":"https:\/\/api.w.org\/{rel}","templated":true}]}}