{"id":3781,"date":"2019-03-13T09:48:59","date_gmt":"2019-03-13T08:48:59","guid":{"rendered":"https:\/\/www.autoteile-markt.de\/blog\/?p=3781"},"modified":"2020-01-22T16:12:45","modified_gmt":"2020-01-22T15:12:45","slug":"er-ist-da-der-mini-e-von-bmw","status":"publish","type":"post","link":"https:\/\/www.autoteile-markt.de\/blog\/er-ist-da-der-mini-e-von-bmw\/","title":{"rendered":"Er ist da: der MINI E von BMW"},"content":{"rendered":"\n<div class=\"wp-block-image\"><figure class=\"alignleft is-resized\"><img  title=\"Er ist da: der MINI E von BMW\" loading=\"lazy\" decoding=\"async\" src=\"https:\/\/www.autoteile-markt.de\/blog\/wp-content\/uploads\/2019\/03\/mini-e-bmw.jpg\"  alt=\"mini-e-bmw Er ist da: der MINI E von BMW\"  class=\"wp-image-3782\" width=\"317\" height=\"211\" srcset=\"https:\/\/www.autoteile-markt.de\/blog\/wp-content\/uploads\/2019\/03\/mini-e-bmw.jpg 500w, https:\/\/www.autoteile-markt.de\/blog\/wp-content\/uploads\/2019\/03\/mini-e-bmw-300x200.jpg 300w\" sizes=\"auto, (max-width: 317px) 100vw, 317px\" \/><figcaption>Elektrisch aufladen, der Mini E von BMW<br> Foto: \u00a9kristt\/depositphotos.com<\/figcaption><\/figure><\/div>\n\n\n\n<p>Auf dem Testareal des deutschen Autoherstellers <a href=\"\/shop\/bmw-ersatzteile-fh18\">BMW<\/a> macht er schon eine sehr gute Figur: der Prototyp des vollelektrischen MINI E. Der Antrieb des dreit\u00fcrigen MINI Cooper S E entspricht dem des sportlichen BMW i3s, einem weiteren E-Automodell der Marke BMW. Wer sich bereits auf den emissionsarmen Fahrspa\u00df freut, muss sich allerdings weitere Monate gedulden. Doch noch diesem Jahr wird der im britischen Oxford in Serie produzierte MINI E vom Band rollen. Die erforderlichen Batterien kommen aus der Dingolfinger Batteriefertigung.<\/p>\n\n\n\n<h2 class=\"wp-block-heading\">Der MINI E: starker Antrieb und elektrisch<\/h2>\n\n\n\n<p>135 kW\/184 PS \u2013 das ist der rein <a href=\"\/shop\/elektroantrieb\">elektrische Antrieb<\/a> des BMW i3s, der nun im MINI E steckt. So sportlich beschleunigt er auch. Hier ist der elektrische Motor jedoch nicht an der Hinterachse, sondern an der Vorderachse montiert. Das maximale Drehmoment liegt bei 270 Nm. Damit das neue E-Auto mit dieser starken Kraft umgehen kann, konstruierte die Entwicklungsabteilung eine rasch zugreifende Antischlupfregelung. Das neue E-Auto der Marke BMW ist zwar serienreif, aber bis die MINI E auf den Stra\u00dfen sind, k\u00f6nnen sich einige Daten \u00e4ndern. Daher h\u00e4lt sich der Mutterkonzern in diesem Bereich etwas bedeckt. Der MINI E gleicht optisch dem normalen MINI mit Verbrennungsmotor. Der Eindruck t\u00e4uscht. Sein Aufbau unterscheidet sich \u2013 unter anderem durch eine ganz andere Bodenplatte \u2013 absolut  vom MINI mit herk\u00f6mmlichem Motor.<\/p>\n\n\n\n<h2 class=\"wp-block-heading\">Wie funktioniert der Motor bei einem E-Auto?<\/h2>\n\n\n\n<p>Statt aus dem Tank und \u00fcber die Luft-Kraftstoff-Verbrennung bezieht das E-Auto die f\u00fcr die Autofahrt erforderliche Energie aus dem <a href=\"\/shop\/elektrik-autobatterie\">Akkumulator<\/a>. Der Motor transformiert die elektrische Energie in Bewegungsenergie. Hierf\u00fcr sind innerhalb des Motors zwei unterschiedliche, fest stehende Magneten sowie ein zwischen ihnen liegender Rotor verbaut. Aufgrund der str\u00f6menden Energie wandeln sich kontinuierlich die Pole der Magneten. Das hat zur Folge dass der Rotor stets angezogen und abgesto\u00dfen wird. Das Ergebnis: Er dreht sich. Diese Drehbewegung wird an die Fahrzeugr\u00e4der weitergeleitet.<\/p>\n\n\n\n<h2 class=\"wp-block-heading\">Beim MINI E sind die Akkus verteilt verbaut<\/h2>\n\n\n\n<p>Die\ncirca 200 Kilogramm schweren Akkumulatoren sind beim MINI E im\nKardantunnel sowie unter der R\u00fcckbank untergebracht. Dieses f\u00fchrt\nzu einer verbesserten Gewichtsverteilung, die sich erheblich auf das\nFahrverhalten auswirkt. Mit 54 % vorn, ist das Gewicht zwar nicht\nganz ausgeglichen, aber im Vergleich zum normalen MINI deutlich\noptimiert. \n<\/p>\n\n\n\n<h2 class=\"wp-block-heading\">MINI E: Fahrspa\u00df bis 150 Stundenkilometer<\/h2>\n\n\n\n<p>Lohnt\nes sich, das Gaspedal richtig hinunterzudr\u00fccken? Das ist\nAnsichtssache. Wer hohe Geschwindigkeiten auf Autobahnen liebt, wird\nsich beim neuen MINI E mit 150 Stundenkilometer begn\u00fcgen m\u00fcssen. Da\nsich dieses E-Auto nicht durch eine beeindruckende Reichweite\nauszeichnet, stehen regelm\u00e4\u00dfige Autobahnfahrten vermutlich sowieso\nnicht an. Abgesehen davon ist eine Geschwindigkeit von 150 km\/h im\nGrunde schnell genug.<\/p>\n\n\n\n<p>Die\nRekuperationsstufe, also die R\u00fcckgewinnung der Bremsenergie, l\u00e4sst\nsich \u00fcber einen neben dem Starterknopf montierten Schalter\nvariieren. Zur Auswahl stehen eine minimale und eine maximale\nVerz\u00f6gerung. Die so zur\u00fcckgewonnene Energie gelangt in den\nAkkumulator.<\/p>\n\n\n\n<h2 class=\"wp-block-heading\">MINI E \u2013&nbsp;mit einer Reichweite f\u00fcr Stadtfahrten und k\u00fcrzere Strecken<\/h2>\n\n\n\n<p>Wie\nder MINI E aktuell ausgestattet ist, wird seine Reichweite f\u00fcr eine\nStrecke bis zu 250 Kilometer betragen. Bei diesen Informationen h\u00e4lt\nsich der Hersteller wie bei weiteren Leistungsdaten und dem Preis des\nMINI E zur\u00fcck. Bleibt die Reichweite bei bis zu 250 Kilometern, ist\ndas ein wenig entt\u00e4uschend. Schlie\u00dflich bringt es der Renault ZOE\nauf 300 Kilometer. Der E-Kleinwagen, der ebenfalls in diesem Jahr\nerscheinen wird, soll es sogar auf 400 Kilometer bringen!<\/p>\n\n\n\n<p>Das\nProduktmanagement von BMW richtet sich nach den Ergebnissen ihrer\nMarktforschung. Demnach wird ein MINI am Tag vom klassischen\nMINI-Besitzer durchschnittlich bis 37 Kilometer gefahren. F\u00fcr\nFahrten in der Stadt ist die Reichweite des MINI E daher allemal\nausreichend.<\/p>\n\n\n\n<h3 class=\"wp-block-heading\">Die Batterien in einem E-Auto<\/h3>\n\n\n\n<p>Der\nHochvolt-Akku ist in einem E-Auto der zentrale Energiespeicher und\ndamit meist das gr\u00f6\u00dfte Kfz-Teil. F\u00fcr die Versorgung der\nenergieverbrauchenden Komponenten wie beispielsweise Beleuchtung,\nKlimaanlage, Scheibenwischer, Fensterheber und Radio ist die\nNiedervoltbatterie verantwortlich. Aktuell kommen in E-Autos fast\nausschlie\u00dflich Lithium-Ionen-Batterien zum Einsatz. Eine hohe\nEnergiedichte und eine gro\u00dfe Speicherkapazit\u00e4t zeichnen diese\nBatterie aus. Zudem sind mit ihr auch Schnellladungen m\u00f6glich.\nAllerdings ist sie kostspielig in der Produktion. Wer mehr Leistung\nwill, muss also mehr f\u00fcr ein E-Auto zahlen.<\/p>\n\n\n\n<h3 class=\"wp-block-heading\">Der Motor in einem E-Auto<\/h3>\n\n\n\n<p>Ebenso\nwichtig wie die Batterie ist der Motor. Merkmal eines Motors in einem\nE-Auto ist sein enormer Wirkungsgrad von 80 bis 90 %. Im Vergleich\ndazu liegt dieser bei einem Benzinfahrzeug bei nur 30 % und bei einem\nDiesel bei 40 %. Der Grund f\u00fcr die weitaus geringere Effizienz bei\nFahrzeugen mit Verbrennungsmotor ist die hohe Energieumwandlung in\nW\u00e4rme. Diese wird f\u00fcr das Autofahren jedoch nicht ben\u00f6tigt.<\/p>\n\n\n\n<h3 class=\"wp-block-heading\">Unterscheidung von E-Autos<\/h3>\n\n\n\n<p>E-Autos\nunterscheiden sich in der Art ihrer Konstruktion. So gibt es\nElektroautos, die vollst\u00e4ndig f\u00fcr die Elektromobilit\u00e4t entwickelt\nund gebaut werden. Diese Art der Konstruktion wird als Purpose Design\nbezeichnet. Wie bei jedem Fahrzeug steht auch bei dieser Designart\ndie Erzeugung eines m\u00f6glichst geringen Fahrwiderstands im\nVordergrund. Neben dem durch Purpose Design hergestellte E-Fahrzeuge\ngibt es E-Autos, die durch die Anpassung herk\u00f6mmlicher Fahrzeuge\nentstehen. Letztere werden Conversion genannt.<\/p>\n\n\n\n<p>Wer \u00fcbrigens glaubt, dass E-Autos eine Technologie des 21. Jahrhunderts sind, irrt. Und zwar gewaltig. Das erste Elektrofahrzeug wurde, so wird vermutet, im schottischen Aberdeen zwischen den Jahren 1832 und 1839 entwickelt. Laut <a href=\"https:\/\/de.wikipedia.org\/wiki\/Geschichte_des_Elektroautos\">Wikipedia<\/a> existierte 1888 das erste bekannte deutsche Elektroauto. Die Entwicklung des Anlassers beim Benzinfahrzeug dr\u00e4ngte das E-Auto ab dem Jahr 1910 ins Aus. An neuer Akkumulatoren-Technologie und Elektroantrieben wurde erst acht Jahrzehnte sp\u00e4ter wieder intensiver geforscht. Zu den Ausl\u00f6sern geh\u00f6rten unter anderem die \u00d6lkrise, die der Golfkrieg in den 1990er-Jahren ausl\u00f6ste, die zunehmende Luftverschmutzung und das fast globale Bem\u00fchen, dem Klimawandel entgegenzutreten.<\/p>\n\n\n\n<h2 class=\"wp-block-heading\">Der MINI E mit den Vorteilen eines E-Autos<\/h2>\n\n\n\n<p>Selbstverst\u00e4ndlich\nhat der MINI E die Vorteile, die ein rein elektrisch angetriebenes\nFahrzeugs gegen\u00fcber einem Auto mit Verbrennungsmotor hat.<\/p>\n\n\n\n<ul class=\"wp-block-list\"><li>\nEr\n\tist emissionsfrei und sch\u00e4digt somit weder die Gesundheit noch die\n\tUmwelt.\n\t<\/li><li>\nDer\n\telektrische Motor arbeitet ger\u00e4uscharm und ist effizient. Die\n\tEnergieverluste sind im Vergleich zu Benzin- oder Dieselfahrzeugen\n\tsehr gering.\n\t<\/li><li>\nAu\u00dfer\n\tden vom Hersteller empfohlenen Service-Intervallen ist er nicht so\n\twartungsanf\u00e4llig. Der Grund hierf\u00fcr ist, dass viele Autoteile wie\n\tAbgasanlage, Katalysator, Kupplung, \u00d6lfilter oder Z\u00fcndkerzen in\n\teinem E-Auto nicht vorhanden sind.\n\t<\/li><li>\nEinige\n\tHandelsunternehmen bieten Ladestationen an. W\u00e4hrend der Einkauf\n\terledigt wird, kann das E-Auto aufladen.\n<\/li><\/ul>\n\n\n\n<h3 class=\"wp-block-heading\">Die Nachteile eines E-Autos<\/h3>\n\n\n\n<p>E-Autos\nhaben allerdings auch Nachteile. Zu diesen geh\u00f6ren:<\/p>\n\n\n\n<ul class=\"wp-block-list\"><li>\nDie\n\tNetzabdeckung ist noch nicht fl\u00e4chendeckend.\n\t<\/li><li>\nDie\n\tLadezeiten sind recht lang. \n\t\n\t<\/li><li>\nDie\n\tReichweiten sind noch begrenzt.\n\t<\/li><li>\nDer\n\tKaufpreis eines Elektroautos ist recht hoch.\n<\/li><\/ul>\n\n\n\n<p>Dass\nE-Autos sehr ger\u00e4uscharm arbeiten, ist im Stra\u00dfenverkehr durchaus\nnachteilig. F\u00fcr \u00e4ltere Passanten, Fahrradfahrer oder Menschen mit\neingeschr\u00e4nkten Sehverm\u00f6gen, die stark auf ihr Geh\u00f6r angewiesen\nsind, sind die nur surrenden Elektroautos kaum zu h\u00f6ren. Der\nEU-Verordnung Nr. 540\/2014 zufolge, m\u00fcssen daher ab Juli 2019 neue\nE-Fahrzeuge mit einem Acoustic Vehicle Alerting System (AVAS), einem\nWarnsignal, ausger\u00fcstet sein. Ab dem Jahr 2021 ist dieses f\u00fcr alle\nneu zugelassenen rein batteriebetriebenen Fahrzeuge, f\u00fcr\nPlug-In-Hybride und Brennstofffahrzeuge Pflicht, die auch f\u00fcr Busse\ngilt.<\/p>\n\n\n\n<h2 class=\"wp-block-heading\">Hello E-Autos, bye-Bye Verbrennungsmotoren<\/h2>\n\n\n\n<p>Ab\ndem Jahr 2030 sollen in Deutschland keine Autos mit\nVerbrennungsmotoren mehr neu zugelassen werden. So lautet der\nBeschluss des deutschen Bundesrats vom September 2016. Diese Ma\u00dfnahme\nsoll die Energiewende bringen, um so den Pariser Klimavertrag\neinhalten zu k\u00f6nnen. Das hehre Ziel dieses Vertrages sieht eine\nCO<sub>2<\/sub>-freie\nWelt ab dem Jahr 2050 vor.<\/p>\n\n\n\n<h2 class=\"wp-block-heading\">Interessiert am neuen MINI E \u2013&nbsp;dann Umweltbonus sichern<\/h2>\n\n\n\n<p>Um\nden Absatz von E-Autos zu f\u00f6rdern, setzte die Bundesregierung im\n2016 den Umweltbonus. Eine finanzielle Pr\u00e4mie von bis zu 4.000 Euro\ngibt es beim Kauf oder beim Leasing eines neuen E-Autos, das zudem\nerstmals zugelassen sein muss. Hierunter fallen reine E-Autos,\nPlug-In Hybride oder Brennstoffzellenautos. Insgesamt stehen 600\nMillionen Euro f\u00fcr den finanziellen Anreiz zur Verf\u00fcgung. Noch bis\nEnde Juni k\u00f6nnen interessierte Privatpersonen, Unternehmen,\nStiftungen, K\u00f6rperschaften und Vereine den Antrag auf F\u00f6rderung\nbeim Bundesamt f\u00fcr Wirtschaft und Ausfuhrkontrolle (BAFA) stellen.\nEine Verl\u00e4ngerung dieser Pr\u00e4mie wird in Betracht gezogen und k\u00e4me\ndamit auch f\u00fcr dem neuen MINI E in Betracht. Ausf\u00fchrliche\nInformationen und Formulare finden Sie hier:\nhttps:\/\/www.bafa.de\/DE\/Energie\/Energieeffizienz\/Elektromobilitaet\/elektromobilitaet_node.html<\/p>\n\n\n\n<h2 class=\"wp-block-heading\">Welche E-Autos neben dem MINI E 2019 noch erscheinen<\/h2>\n\n\n\n<p>Eine\nMillion Elektrofahrzeuge bis zum Jahr 2020 \u2013&nbsp;dieses Ziel\nstrebte die Bundesregierung mit der Umweltpr\u00e4mie an. Die Realit\u00e4t\nist eine andere: Bis Ende des Jahres 2018 waren weniger als 200.000\nE-Fahrzeuge angemeldet. Vielleicht werden es in diesem Jahr noch\nmehr. Neben dem MINI E kommen schlie\u00dflich weitere E-Automodelle auf\nden Markt. Zu diesen z\u00e4hlen unter anderem der Audi e-tron, der Kia\ne-Niro, der Mercedes EQC, der Peugeot e-208 und der I.D. Neo von VW.<\/p>\n","protected":false},"excerpt":{"rendered":"Auf dem Testareal des deutschen Autoherstellers BMW macht er schon eine sehr gute Figur: der Prototyp des vollelektrischen MINI E. Der Antrieb des dreit\u00fcrigen MINI Cooper S E entspricht dem\n... <br \/><a class=\"read-more\" href=\"https:\/\/www.autoteile-markt.de\/blog\/er-ist-da-der-mini-e-von-bmw\/\">Weiterlesen<\/a>","protected":false},"author":1,"featured_media":3782,"comment_status":"open","ping_status":"closed","sticky":false,"template":"","format":"standard","meta":{"footnotes":""},"categories":[9],"tags":[],"class_list":["post-3781","post","type-post","status-publish","format-standard","has-post-thumbnail","hentry","category-autonews"],"yoast_head":"<!-- This site is optimized with the Yoast SEO plugin v27.3 - https:\/\/yoast.com\/product\/yoast-seo-wordpress\/ -->\n<title>Er ist da: der MINI E von BMW<\/title>\n<meta name=\"description\" content=\"Elektrisch aufladen, der Mini E von BMW Foto: \u00a9kristt\/depositphotos.com Auf dem Testareal des deutschen Autoherstellers BMW macht er schon eine sehr gute\" \/>\n<meta name=\"robots\" content=\"index, follow, max-snippet:-1, max-image-preview:large, max-video-preview:-1\" \/>\n<link rel=\"canonical\" href=\"https:\/\/www.autoteile-markt.de\/blog\/er-ist-da-der-mini-e-von-bmw\/\" \/>\n<meta property=\"og:locale\" content=\"de_DE\" \/>\n<meta property=\"og:type\" content=\"article\" \/>\n<meta property=\"og:title\" content=\"Er ist da: der MINI E von BMW\" \/>\n<meta property=\"og:description\" content=\"Elektrisch aufladen, der Mini E von BMW Foto: \u00a9kristt\/depositphotos.com Auf dem Testareal des deutschen Autoherstellers BMW macht er schon eine sehr gute\" \/>\n<meta property=\"og:url\" content=\"https:\/\/www.autoteile-markt.de\/blog\/er-ist-da-der-mini-e-von-bmw\/\" \/>\n<meta property=\"og:site_name\" content=\"Autoteile-Markt.de Blog\" \/>\n<meta property=\"article:publisher\" content=\"https:\/\/www.facebook.com\/AutoteileMarktde\/\" \/>\n<meta property=\"article:published_time\" content=\"2019-03-13T08:48:59+00:00\" \/>\n<meta property=\"article:modified_time\" content=\"2020-01-22T15:12:45+00:00\" \/>\n<meta property=\"og:image\" content=\"https:\/\/www.autoteile-markt.de\/blog\/wp-content\/uploads\/2019\/03\/mini-e-bmw.jpg\" \/>\n\t<meta property=\"og:image:width\" content=\"500\" \/>\n\t<meta property=\"og:image:height\" content=\"333\" \/>\n\t<meta property=\"og:image:type\" content=\"image\/jpeg\" \/>\n<meta name=\"author\" content=\"admin\" \/>\n<meta name=\"twitter:card\" content=\"summary_large_image\" \/>\n<meta name=\"twitter:creator\" content=\"@autoteilemarkt\" \/>\n<meta name=\"twitter:site\" content=\"@autoteilemarkt\" \/>\n<meta name=\"twitter:label1\" content=\"Written by\" \/>\n\t<meta name=\"twitter:data1\" content=\"admin\" \/>\n\t<meta name=\"twitter:label2\" content=\"Est. reading time\" \/>\n\t<meta name=\"twitter:data2\" content=\"7\u00a0Minuten\" \/>\n<!-- \/ Yoast SEO plugin. -->","yoast_head_json":{"title":"Er ist da: der MINI E von BMW","description":"Elektrisch aufladen, der Mini E von BMW Foto: \u00a9kristt\/depositphotos.com Auf dem Testareal des deutschen Autoherstellers BMW macht er schon eine sehr gute","robots":{"index":"index","follow":"follow","max-snippet":"max-snippet:-1","max-image-preview":"max-image-preview:large","max-video-preview":"max-video-preview:-1"},"canonical":"https:\/\/www.autoteile-markt.de\/blog\/er-ist-da-der-mini-e-von-bmw\/","og_locale":"de_DE","og_type":"article","og_title":"Er ist da: der MINI E von BMW","og_description":"Elektrisch aufladen, der Mini E von BMW Foto: \u00a9kristt\/depositphotos.com Auf dem Testareal des deutschen Autoherstellers BMW macht er schon eine sehr gute","og_url":"https:\/\/www.autoteile-markt.de\/blog\/er-ist-da-der-mini-e-von-bmw\/","og_site_name":"Autoteile-Markt.de Blog","article_publisher":"https:\/\/www.facebook.com\/AutoteileMarktde\/","article_published_time":"2019-03-13T08:48:59+00:00","article_modified_time":"2020-01-22T15:12:45+00:00","og_image":[{"width":500,"height":333,"url":"https:\/\/www.autoteile-markt.de\/blog\/wp-content\/uploads\/2019\/03\/mini-e-bmw.jpg","type":"image\/jpeg"}],"author":"admin","twitter_card":"summary_large_image","twitter_creator":"@autoteilemarkt","twitter_site":"@autoteilemarkt","twitter_misc":{"Written by":"admin","Est. reading time":"7\u00a0Minuten"},"schema":{"@context":"https:\/\/schema.org","@graph":[{"@type":["Article","BlogPosting"],"@id":"https:\/\/www.autoteile-markt.de\/blog\/er-ist-da-der-mini-e-von-bmw\/#article","isPartOf":{"@id":"https:\/\/www.autoteile-markt.de\/blog\/er-ist-da-der-mini-e-von-bmw\/"},"author":{"name":"admin","@id":"https:\/\/www.autoteile-markt.de\/blog\/#\/schema\/person\/6eeed1331d2d78833c7c92ba5f1b35b5"},"headline":"Er ist da: der MINI E von BMW","datePublished":"2019-03-13T08:48:59+00:00","dateModified":"2020-01-22T15:12:45+00:00","mainEntityOfPage":{"@id":"https:\/\/www.autoteile-markt.de\/blog\/er-ist-da-der-mini-e-von-bmw\/"},"wordCount":1461,"commentCount":0,"image":{"@id":"https:\/\/www.autoteile-markt.de\/blog\/er-ist-da-der-mini-e-von-bmw\/#primaryimage"},"thumbnailUrl":"https:\/\/www.autoteile-markt.de\/blog\/wp-content\/uploads\/2019\/03\/mini-e-bmw.jpg","articleSection":["Autonews"],"inLanguage":"de"},{"@type":"WebPage","@id":"https:\/\/www.autoteile-markt.de\/blog\/er-ist-da-der-mini-e-von-bmw\/","url":"https:\/\/www.autoteile-markt.de\/blog\/er-ist-da-der-mini-e-von-bmw\/","name":"Er ist da: der MINI E von BMW","isPartOf":{"@id":"https:\/\/www.autoteile-markt.de\/blog\/#website"},"primaryImageOfPage":{"@id":"https:\/\/www.autoteile-markt.de\/blog\/er-ist-da-der-mini-e-von-bmw\/#primaryimage"},"image":{"@id":"https:\/\/www.autoteile-markt.de\/blog\/er-ist-da-der-mini-e-von-bmw\/#primaryimage"},"thumbnailUrl":"https:\/\/www.autoteile-markt.de\/blog\/wp-content\/uploads\/2019\/03\/mini-e-bmw.jpg","datePublished":"2019-03-13T08:48:59+00:00","dateModified":"2020-01-22T15:12:45+00:00","author":{"@id":"https:\/\/www.autoteile-markt.de\/blog\/#\/schema\/person\/6eeed1331d2d78833c7c92ba5f1b35b5"},"description":"Elektrisch aufladen, der Mini E von BMW Foto: \u00a9kristt\/depositphotos.com Auf dem Testareal des deutschen Autoherstellers BMW macht er schon eine sehr gute","breadcrumb":{"@id":"https:\/\/www.autoteile-markt.de\/blog\/er-ist-da-der-mini-e-von-bmw\/#breadcrumb"},"inLanguage":"de","potentialAction":[{"@type":"ReadAction","target":["https:\/\/www.autoteile-markt.de\/blog\/er-ist-da-der-mini-e-von-bmw\/"]}]},{"@type":"ImageObject","inLanguage":"de","@id":"https:\/\/www.autoteile-markt.de\/blog\/er-ist-da-der-mini-e-von-bmw\/#primaryimage","url":"https:\/\/www.autoteile-markt.de\/blog\/wp-content\/uploads\/2019\/03\/mini-e-bmw.jpg","contentUrl":"https:\/\/www.autoteile-markt.de\/blog\/wp-content\/uploads\/2019\/03\/mini-e-bmw.jpg","width":500,"height":333},{"@type":"BreadcrumbList","@id":"https:\/\/www.autoteile-markt.de\/blog\/er-ist-da-der-mini-e-von-bmw\/#breadcrumb","itemListElement":[{"@type":"ListItem","position":1,"name":"Startseite","item":"https:\/\/www.autoteile-markt.de\/blog\/"},{"@type":"ListItem","position":2,"name":"Er ist da: der MINI E von BMW"}]},{"@type":"WebSite","@id":"https:\/\/www.autoteile-markt.de\/blog\/#website","url":"https:\/\/www.autoteile-markt.de\/blog\/","name":"Autoteile-Markt.de Blog","description":"","potentialAction":[{"@type":"SearchAction","target":{"@type":"EntryPoint","urlTemplate":"https:\/\/www.autoteile-markt.de\/blog\/?s={search_term_string}"},"query-input":{"@type":"PropertyValueSpecification","valueRequired":true,"valueName":"search_term_string"}}],"inLanguage":"de"},{"@type":"Person","@id":"https:\/\/www.autoteile-markt.de\/blog\/#\/schema\/person\/6eeed1331d2d78833c7c92ba5f1b35b5","name":"admin"}]}},"_links":{"self":[{"href":"https:\/\/www.autoteile-markt.de\/blog\/wp-json\/wp\/v2\/posts\/3781","targetHints":{"allow":["GET"]}}],"collection":[{"href":"https:\/\/www.autoteile-markt.de\/blog\/wp-json\/wp\/v2\/posts"}],"about":[{"href":"https:\/\/www.autoteile-markt.de\/blog\/wp-json\/wp\/v2\/types\/post"}],"author":[{"embeddable":true,"href":"https:\/\/www.autoteile-markt.de\/blog\/wp-json\/wp\/v2\/users\/1"}],"replies":[{"embeddable":true,"href":"https:\/\/www.autoteile-markt.de\/blog\/wp-json\/wp\/v2\/comments?post=3781"}],"version-history":[{"count":3,"href":"https:\/\/www.autoteile-markt.de\/blog\/wp-json\/wp\/v2\/posts\/3781\/revisions"}],"predecessor-version":[{"id":4481,"href":"https:\/\/www.autoteile-markt.de\/blog\/wp-json\/wp\/v2\/posts\/3781\/revisions\/4481"}],"wp:featuredmedia":[{"embeddable":true,"href":"https:\/\/www.autoteile-markt.de\/blog\/wp-json\/wp\/v2\/media\/3782"}],"wp:attachment":[{"href":"https:\/\/www.autoteile-markt.de\/blog\/wp-json\/wp\/v2\/media?parent=3781"}],"wp:term":[{"taxonomy":"category","embeddable":true,"href":"https:\/\/www.autoteile-markt.de\/blog\/wp-json\/wp\/v2\/categories?post=3781"},{"taxonomy":"post_tag","embeddable":true,"href":"https:\/\/www.autoteile-markt.de\/blog\/wp-json\/wp\/v2\/tags?post=3781"}],"curies":[{"name":"wp","href":"https:\/\/api.w.org\/{rel}","templated":true}]}}